{"id":2804,"date":"2026-04-27T12:31:03","date_gmt":"2026-04-27T10:31:03","guid":{"rendered":"http:\/\/boenninghardt.de\/?p=2804"},"modified":"2026-04-27T12:31:03","modified_gmt":"2026-04-27T10:31:03","slug":"information-an-die-boenninghardter-vereine-und-buergerinnen-und-buerger","status":"publish","type":"post","link":"http:\/\/boenninghardt.de\/?p=2804","title":{"rendered":"Information an die B\u00f6nninghardter Vereine und B\u00fcrgerinnen und B\u00fcrger \u00a0"},"content":{"rendered":"<p>Alpen, 27. April 2026<\/p>\n<p>Liebe B\u00f6nninghardterinnen und B\u00f6nninghardter,<\/p>\n<p>in naher Zukunft d\u00fcrfen wir uns alle auf einige Highlights auf der B\u00f6nninghardt freuen. Dar\u00fcber m\u00f6chte ich Euch gerne in Kenntnis setzen.<\/p>\n<p>Rundgesprochen hat sich hier und da sicherlich, dass die WDR-Lokalzeit Duisburg unsere Plaggenh\u00fctte als ein lohnendes Ausflugsziel in einem Fernsehbeitrag darstellen m\u00f6chte. Am Donnerstag, 30. April, wird in der Lokalzeit der Filmbeitrag, der am 13. April \u201egedreht\u201c wurde, gezeigt. Diesen Termin habe ich vom Redakteur letze Tage genannt bekommen. Die Kinder Jakob, Jona, Emil, Leo, Franziska, Pauline sind die tollen Protagonisten. Schaut mal rein.<\/p>\n<p>F\u00fcr den Tanz in dem Mai, auf unserem Dorfplatz, hat unser B\u00fcrgersch\u00fctzenverein B\u00f6nninghardt e. V. bestens Vorbereitungen getroffen und diese d\u00f6rfliche Feier ist ein Highlight, die um 18.00 Uhr mit dem Maibaum aufsetzen beginnt. Geselligkeit mit Familien, Freunden, Gemeinschaft st\u00e4rken f\u00f6rdert das Wir-Gef\u00fchl auf unserer B\u00f6nninghardt.<\/p>\n<p>Unser B\u00f6nninghardter F\u00f6rderverein f\u00fcr Naturschutz und Brauchtum e.V. hat wieder ein buntes Programm f\u00fcr das Fr\u00fchlingsfest am Samstag, 09.Mai zusammengestellt. Von 14.00 bis 18.00 Uhr wird der Spielplatz wieder zu einem Treffpunkt f\u00fcr Jung und Alt. Es gibt ein Mitmachzirkus Katastrofale, indem alles schiefgeht. Levin Ripkens, er ist professioneller Gitarrist und S\u00e4nger, wird von 14.00 bis 18.00 Uhr musikalisch durchs Programm f\u00fchren und wer von den Besuchern Lust hat, kann eine flotte Sohle schwungvoll auf Parkett legen. Die kleine\/mittlere HEIER-Karnevalstanzgarde holt den Karneval zur\u00fcck und die BSV Tang Soo Do Gruppe zeigt, was koreanische Kampfkunst ist, die auf Selbstverteidigung, Philosophie und k\u00f6rperlicher Fitness abstellt. Die Heier-Woll-Ladys bieten tolle Handarbeitsartikel an und erstmalig ist ein kleiner Tr\u00f6delmarkt mit Kinderspielzeug im weiteren Angebot. Der K\u00e4fer &amp; Co. Nothilfe e.V. aus Duisburg ist mit einer ambitionierten VW-K\u00e4ferausstellung dabei. Das gleiche gilt f\u00fcr die SOLEX-Freunde Alpen, rolle Vorw\u00e4rts. Mit Info-Material und Video-Clips erz\u00e4hlen sie an ihren St\u00e4nden \u00fcber ihren Vereinslebenslauf und Aktivit\u00e4ten. Die Jugendfeuerwehr ist wieder mit \u201espezifischen L\u00f6schangriffen\u201c im Einsatz und die Jubo B\u00f6nninghardt fordert mit einem Fu\u00dfball-Dart-Spiel mit pr\u00e4zisen Sch\u00fcssen zum Wettstreit um hohe Punktzahlen auf. F\u00fcr das kulinarische Wohlbefinden ist f\u00fcr alle Besucher was dabei.<\/p>\n<p>Der guten Ordnung halber m\u00f6chte ich auch auf das traditionelle Preis- und K\u00f6nigsschie\u00dfen unserer beiden Sch\u00fctzenvereine hinweisen. Die Termine sind traditionell festgelegt.<\/p>\n<p>Der Kirchenchor C\u00e4cilia B\u00f6nninghardt feiert in diesem Jahr sein 100j\u00e4hriges Bestehen. Ein toller Anlass, um gemeinsam mit der \u00d6ffentlichkeit zu feiern. Der Kirchenchor l\u00e4dt zun\u00e4chst f\u00fcr Sonntag, 28.06., Beginn um 17.00 Uhr zu einem weltlichen Konzert im Saal Thiesen-Eickschen ein. Ein zweites, nun aber ein kirchliches Konzert, findet am Sonntag, 08. November, 17.00 Uhr in St. Ulrich Alpen statt. Beide Konzerte sind eintrittsfrei.<\/p>\n<p>Der Ortsvorsteher<\/p>\n<p>Herbert Oymann<\/p>\n","protected":false},"excerpt":{"rendered":"<p>Alpen, 27. April 2026 Liebe B\u00f6nninghardterinnen und B\u00f6nninghardter, in naher Zukunft d\u00fcrfen wir uns alle auf einige Highlights auf der B\u00f6nninghardt freuen. Dar\u00fcber m\u00f6chte ich Euch gerne in Kenntnis setzen. Rundgesprochen hat sich hier und da sicherlich, dass die WDR-Lokalzeit<\/p>\n","protected":false},"author":2,"featured_media":0,"comment_status":"closed","ping_status":"closed","sticky":false,"template":"","format":"standard","meta":{"footnotes":""},"categories":[34,17,22,59,18],"tags":[],"class_list":["post-2804","post","type-post","status-publish","format-standard","hentry","category-boenninghardter-foerderverein-fuer-naturschutz-und-brauchtum","category-buergerschuetzverein","category-der-ortsvorsteher","category-kirchenchor-caecilia-boenninghardt","category-waldspielplatz"],"_links":{"self":[{"href":"http:\/\/boenninghardt.de\/index.php?rest_route=\/wp\/v2\/posts\/2804","targetHints":{"allow":["GET"]}}],"collection":[{"href":"http:\/\/boenninghardt.de\/index.php?rest_route=\/wp\/v2\/posts"}],"about":[{"href":"http:\/\/boenninghardt.de\/index.php?rest_route=\/wp\/v2\/types\/post"}],"author":[{"embeddable":true,"href":"http:\/\/boenninghardt.de\/index.php?rest_route=\/wp\/v2\/users\/2"}],"replies":[{"embeddable":true,"href":"http:\/\/boenninghardt.de\/index.php?rest_route=%2Fwp%2Fv2%2Fcomments&post=2804"}],"version-history":[{"count":3,"href":"http:\/\/boenninghardt.de\/index.php?rest_route=\/wp\/v2\/posts\/2804\/revisions"}],"predecessor-version":[{"id":2808,"href":"http:\/\/boenninghardt.de\/index.php?rest_route=\/wp\/v2\/posts\/2804\/revisions\/2808"}],"wp:attachment":[{"href":"http:\/\/boenninghardt.de\/index.php?rest_route=%2Fwp%2Fv2%2Fmedia&parent=2804"}],"wp:term":[{"taxonomy":"category","embeddable":true,"href":"http:\/\/boenninghardt.de\/index.php?rest_route=%2Fwp%2Fv2%2Fcategories&post=2804"},{"taxonomy":"post_tag","embeddable":true,"href":"http:\/\/boenninghardt.de\/index.php?rest_route=%2Fwp%2Fv2%2Ftags&post=2804"}],"curies":[{"name":"wp","href":"https:\/\/api.w.org\/{rel}","templated":true}]}}