{"id":2717,"date":"2025-08-15T12:33:54","date_gmt":"2025-08-15T10:33:54","guid":{"rendered":"http:\/\/boenninghardt.de\/?p=2717"},"modified":"2025-08-15T12:47:17","modified_gmt":"2025-08-15T10:47:17","slug":"ortsvorsteher-boenninghardt-herbert-oymann-informiert-unsere-zukunft-geht-uns-alle-an","status":"publish","type":"post","link":"http:\/\/boenninghardt.de\/?p=2717","title":{"rendered":"Ortsvorsteher B\u00f6nninghardt, Herbert Oymann informiert:\u00a0\u00a0Unsere Zukunft geht uns alle an"},"content":{"rendered":"<p><span style=\"font-size: 12px\">Liebe \u201eHEIER\u201c,<\/span><\/p>\n<p><span style=\"font-size: 12px\"><span dir=\"ltr\" style=\"\">am<\/span><\/span><span style=\"font-size: 12px\"><span dir=\"ltr\" style=\"\"><span class=\"Apple-converted-space\">&nbsp;<\/span><\/span><\/span><span style=\"font-size: 12px\"><span dir=\"ltr\" style=\"\"><span style=\"text-decoration: underline\">Samstag, 23.08. ab 11.00 Uhr<\/span><\/span><\/span>, Waldspielplatz<span style=\"font-size: 12px\"> <\/span><span style=\"font-size: 12px\">(Dauer etwa 2 Stunden), haben wir B\u00f6nninghardter*innen Gelegenheit mit unseren &nbsp;CDU-Wahlkandidaten f\u00fcr den zuk\u00fcnftigen Rat der Gemeinde Alpen ins Gespr\u00e4ch zu kommen. &nbsp;Diese sind Alexander Kr\u00f6ll, Vertreterin Chantal Besser (Wahlkreis 7) und Henry Regnier, Vertreter Ludwig Ingenlath (Wahlkreis 8). Auch wird der B\u00fcrgermeister Kandidat -Ludger Staymann- Fragen beantworten, wie sich aus seiner Sicht B\u00f6nninghardt weiter entwickeln kann. Ich h\u00f6re immer wieder, op de Hei passiert nex! Das gilt nicht. Wir sind die Macher, gerade f\u00fcr unsere Kinder.<\/span><\/p>\n<p class=\"MsoNormal\" style=\"caret-color: rgb(0, 0, 0); color: rgb(0, 0, 0); font-family: verdana; font-size: 28px; font-style: normal; font-variant-caps: normal; font-weight: 400; letter-spacing: normal; orphans: auto; text-align: start; text-indent: 0px; text-transform: none; white-space: normal; widows: auto; word-spacing: 0px; -webkit-tap-highlight-color: rgba(26, 26, 26, 0.3); -webkit-text-stroke-width: 0px; text-decoration: none\"><span style=\"font-size: 12px\">Viele Zukunftsfragen: Was ist mit dem Fahrradweg Winnenthaler Str., Kreisverkehr, Reparatur oder Erneuerung Wirtschaftswege, Tempolimits an kritischen Stellen, Baugrund und Baul\u00fcckenschlie\u00dfung, Kleingewerbe ansiedeln, Windkraft, Nahversorgung, Sport und Jugend auf der HEI und vieles mehr. Wir sind ein lebendiges Dorf mit tollen und vielf\u00e4ltigen Vereinen und wissen, was Ehrenamt ist und f\u00fcr uns bedeutet.&nbsp;<\/span><\/p>\n<p class=\"MsoNormal\" style=\"caret-color: rgb(0, 0, 0); color: rgb(0, 0, 0); font-family: verdana; font-size: 28px; font-style: normal; font-variant-caps: normal; font-weight: 400; letter-spacing: normal; orphans: auto; text-align: start; text-indent: 0px; text-transform: none; white-space: normal; widows: auto; word-spacing: 0px; -webkit-tap-highlight-color: rgba(26, 26, 26, 0.3); -webkit-text-stroke-width: 0px; text-decoration: none\"><span style=\"font-size: 12px\">W\u00fcrstchen werden gegrillt. Getr\u00e4nke stehen ebenso kostenfrei zur Verf\u00fcgung. Ich freue mich sehr auf Euch und bin dankbar, wenn wir, die B\u00f6nninghardt unseren Kandidaten eine entsprechende Wertsch\u00e4tzung f\u00fcr ihr Amt durch unsere Teilnahme&nbsp; schon jetzt entgegenbringen. Ratsmandat ist viel Arbeit und zeitaufwendig und deren Einsatz gilt uns. Ich weise darauf hin, dass andere Alpener Parteien ebenfalls Plattformen zum Meinungsaustausch anbieten. Siehe Presse.<\/span><\/p>\n<p class=\"MsoNormal\" style=\"caret-color: rgb(0, 0, 0); color: rgb(0, 0, 0); font-family: verdana; font-size: 28px; font-style: normal; font-variant-caps: normal; font-weight: 400; letter-spacing: normal; orphans: auto; text-align: start; text-indent: 0px; text-transform: none; white-space: normal; widows: auto; word-spacing: 0px; -webkit-tap-highlight-color: rgba(26, 26, 26, 0.3); -webkit-text-stroke-width: 0px; text-decoration: none\"><span style=\"font-size: 12px\">Euer<\/span><\/p>\n<p class=\"MsoNormal\" style=\"caret-color: rgb(0, 0, 0); color: rgb(0, 0, 0); font-family: verdana; font-size: 28px; font-style: normal; font-variant-caps: normal; font-weight: 400; letter-spacing: normal; orphans: auto; text-align: start; text-indent: 0px; text-transform: none; white-space: normal; widows: auto; word-spacing: 0px; -webkit-tap-highlight-color: rgba(26, 26, 26, 0.3); -webkit-text-stroke-width: 0px; text-decoration: none\"><span style=\"font-size: 12px\">Herbert <\/span><\/p>\n","protected":false},"excerpt":{"rendered":"<p>Liebe \u201eHEIER\u201c, am&nbsp;Samstag, 23.08. ab 11.00 Uhr, Waldspielplatz (Dauer etwa 2 Stunden), haben wir B\u00f6nninghardter*innen Gelegenheit mit unseren &nbsp;CDU-Wahlkandidaten f\u00fcr den zuk\u00fcnftigen Rat der Gemeinde Alpen ins Gespr\u00e4ch zu kommen. &nbsp;Diese sind Alexander Kr\u00f6ll, Vertreterin Chantal Besser (Wahlkreis 7) und<\/p>\n","protected":false},"author":2,"featured_media":0,"comment_status":"closed","ping_status":"closed","sticky":false,"template":"","format":"standard","meta":{"footnotes":""},"categories":[22,1,18],"tags":[],"class_list":["post-2717","post","type-post","status-publish","format-standard","hentry","category-der-ortsvorsteher","category-uncategorized","category-waldspielplatz"],"_links":{"self":[{"href":"http:\/\/boenninghardt.de\/index.php?rest_route=\/wp\/v2\/posts\/2717","targetHints":{"allow":["GET"]}}],"collection":[{"href":"http:\/\/boenninghardt.de\/index.php?rest_route=\/wp\/v2\/posts"}],"about":[{"href":"http:\/\/boenninghardt.de\/index.php?rest_route=\/wp\/v2\/types\/post"}],"author":[{"embeddable":true,"href":"http:\/\/boenninghardt.de\/index.php?rest_route=\/wp\/v2\/users\/2"}],"replies":[{"embeddable":true,"href":"http:\/\/boenninghardt.de\/index.php?rest_route=%2Fwp%2Fv2%2Fcomments&post=2717"}],"version-history":[{"count":19,"href":"http:\/\/boenninghardt.de\/index.php?rest_route=\/wp\/v2\/posts\/2717\/revisions"}],"predecessor-version":[{"id":2736,"href":"http:\/\/boenninghardt.de\/index.php?rest_route=\/wp\/v2\/posts\/2717\/revisions\/2736"}],"wp:attachment":[{"href":"http:\/\/boenninghardt.de\/index.php?rest_route=%2Fwp%2Fv2%2Fmedia&parent=2717"}],"wp:term":[{"taxonomy":"category","embeddable":true,"href":"http:\/\/boenninghardt.de\/index.php?rest_route=%2Fwp%2Fv2%2Fcategories&post=2717"},{"taxonomy":"post_tag","embeddable":true,"href":"http:\/\/boenninghardt.de\/index.php?rest_route=%2Fwp%2Fv2%2Ftags&post=2717"}],"curies":[{"name":"wp","href":"https:\/\/api.w.org\/{rel}","templated":true}]}}